{"id":663,"date":"2026-02-10T14:56:29","date_gmt":"2026-02-10T13:56:29","guid":{"rendered":"https:\/\/bfap-sbpa.org\/2026\/02\/10\/le-burn-out-silencieux-des-psychiatres-pourquoi-plus-dun-medecin-sur-trois-envisage-de-reduire-ses-activites\/"},"modified":"2026-02-10T15:53:55","modified_gmt":"2026-02-10T14:53:55","slug":"le-burn-out-silencieux-des-psychiatres-pourquoi-plus-dun-medecin-sur-trois-envisage-de-reduire-ses-activites","status":"publish","type":"post","link":"https:\/\/bfap-sbpa.org\/fr\/2026\/02\/10\/le-burn-out-silencieux-des-psychiatres-pourquoi-plus-dun-medecin-sur-trois-envisage-de-reduire-ses-activites\/","title":{"rendered":"Le burn-out silencieux des psychiatres : pourquoi plus d&rsquo;un m\u00e9decin sur trois envisage de r\u00e9duire ses activit\u00e9s"},"content":{"rendered":"\n<p class=\"wp-block-paragraph\"><strong>Charge de travail en psychiatrie ambulatoire : quelques constats<\/strong><\/p>\n\n<p class=\"wp-block-paragraph\">Des chiffres r\u00e9cents montrent qu&rsquo;une <strong>partie importante des psychiatres ambulatoires<\/strong> envisage de r\u00e9duire son activit\u00e9 professionnelle. Dans une enqu\u00eate, <strong>42,8 % d\u00e9clarent reconna\u00eetre des sympt\u00f4mes de burn-out<\/strong>, et <strong>33,6 % songent \u00e0 travailler moins en ambulatoire<\/strong>. <\/p>\n\n<p class=\"wp-block-paragraph\">Dans l&rsquo;article, deux psychiatres expliquent ces chiffres \u00e0 partir de leur exp\u00e9rience pratique.<br\/><strong>Vincent Ryckmans<\/strong>, psychiatre-psychoth\u00e9rapeute \u00e0 Braine-l&rsquo;Alleud, souligne la sous-\u00e9valuation structurelle de la psychiatrie ambulatoire et le conflit entre la qualit\u00e9 des soins et la faisabilit\u00e9 financi\u00e8re. Les consultations longues restent cliniquement n\u00e9cessaires, mais sont difficiles \u00e0 maintenir dans le cadre de la structure de remboursement actuelle. <\/p>\n\n<p class=\"wp-block-paragraph\">De m\u00eame, <strong>Philippe de Timary<\/strong>, chef de service de psychiatrie adulte aux Cliniques universitaires Saint-Luc, souligne que les soins psychiatriques sont par d\u00e9finition \u00e9motionnellement \u00e9prouvants et ne peuvent \u00eatre augment\u00e9s ind\u00e9finiment sans perte de qualit\u00e9. Le m\u00e9tier reste passionnant sur le fond, mais demande du temps, du repos et un soutien suffisant. <\/p>\n\n<p class=\"wp-block-paragraph\">Les constats sont sobres : il ne s&rsquo;agit pas d&rsquo;un manque de motivation chez les psychiatres, mais de <strong>conditions-cadres structurelles<\/strong> qui d\u00e9terminent si des soins ambulatoires de qualit\u00e9 peuvent \u00eatre organis\u00e9s de mani\u00e8re durable.<\/p>\n\n<p class=\"wp-block-paragraph\">Lire la suite <a href=\"https:\/\/www.levif.be\/societe\/sante\/sante-mentale\/le-burnout-silencieux-des-psychiatres-pourquoi-plus-dun-praticien-sur-trois-envisage-de-reduire-ses-activites\/\">ici<\/a>.<\/p>\n","protected":false},"excerpt":{"rendered":"<p>Charge de travail en psychiatrie ambulatoire : quelques constats Des chiffres r\u00e9cents montrent qu&rsquo;une partie importante des psychiatres ambulatoires envisage de r\u00e9duire son activit\u00e9 professionnelle. Dans une enqu\u00eate, 42,8 % d\u00e9clarent reconna\u00eetre des sympt\u00f4mes de burn-out, et 33,6 % songent \u00e0 travailler moins en ambulatoire. Dans l&rsquo;article, deux psychiatres expliquent ces chiffres \u00e0 partir de [&hellip;]<\/p>\n","protected":false},"author":246655427,"featured_media":662,"comment_status":"open","ping_status":"open","sticky":false,"template":"","format":"standard","meta":{"_crdt_document":"","_jetpack_newsletter_access":"","_jetpack_dont_email_post_to_subs":false,"_jetpack_newsletter_tier_id":0,"_jetpack_memberships_contains_paywalled_content":false,"_jetpack_memberships_contains_paid_content":false,"footnotes":"","jetpack_publicize_message":"","jetpack_publicize_feature_enabled":true,"jetpack_social_post_already_shared":true,"jetpack_social_options":{"image_generator_settings":{"template":"highway","default_image_id":0,"font":"","enabled":false},"version":2},"jetpack_post_was_ever_published":false},"categories":[20154],"tags":[],"class_list":["post-663","post","type-post","status-publish","format-standard","has-post-thumbnail","hentry","category-non-categorise"],"yoast_head":"<!-- This site is optimized with the Yoast SEO plugin v27.4 - https:\/\/yoast.com\/product\/yoast-seo-wordpress\/ -->\n<title>Le burn-out silencieux des psychiatres : pourquoi plus d&#039;un m\u00e9decin sur trois envisage de r\u00e9duire ses activit\u00e9s | F\u00e9d\u00e9ration Belge pour la Psychiatrie Ambulatoire<\/title>\n<meta name=\"description\" content=\"Belgische Federatie voor Ambulante Psychiatrie (BFAP): vertegenwoordigt CGG\/SSM en solo- en groepspraktijken, en versterkt community-based, evidence-based ambulante psychiatrie in Belgi\u00eb.\" \/>\n<meta name=\"robots\" content=\"index, follow, max-snippet:-1, max-image-preview:large, max-video-preview:-1\" \/>\n<link rel=\"canonical\" href=\"https:\/\/bfap-sbpa.org\/fr\/2026\/02\/10\/le-burn-out-silencieux-des-psychiatres-pourquoi-plus-dun-medecin-sur-trois-envisage-de-reduire-ses-activites\/\" \/>\n<meta property=\"og:locale\" content=\"fr_FR\" \/>\n<meta property=\"og:type\" content=\"article\" \/>\n<meta property=\"og:title\" content=\"Le burn-out silencieux des psychiatres : pourquoi plus d&#039;un m\u00e9decin sur trois envisage de r\u00e9duire ses activit\u00e9s | F\u00e9d\u00e9ration Belge pour la Psychiatrie Ambulatoire\" \/>\n<meta property=\"og:description\" content=\"Belgische Federatie voor Ambulante Psychiatrie (BFAP): vertegenwoordigt CGG\/SSM en solo- en groepspraktijken, en versterkt community-based, evidence-based ambulante psychiatrie in Belgi\u00eb.\" \/>\n<meta property=\"og:url\" content=\"https:\/\/bfap-sbpa.org\/fr\/2026\/02\/10\/le-burn-out-silencieux-des-psychiatres-pourquoi-plus-dun-medecin-sur-trois-envisage-de-reduire-ses-activites\/\" \/>\n<meta property=\"og:site_name\" content=\"F\u00e9d\u00e9ration Belge pour la Psychiatrie Ambulatoire\" \/>\n<meta property=\"article:published_time\" content=\"2026-02-10T13:56:29+00:00\" \/>\n<meta property=\"article:modified_time\" content=\"2026-02-10T14:53:55+00:00\" \/>\n<meta property=\"og:image\" content=\"https:\/\/i0.wp.com\/bfap-sbpa.org\/wp-content\/uploads\/2026\/02\/Schermafbeelding-2026-02-09-131405.png?fit=252%2C247&ssl=1\" \/>\n\t<meta property=\"og:image:width\" content=\"252\" \/>\n\t<meta property=\"og:image:height\" content=\"247\" \/>\n\t<meta property=\"og:image:type\" content=\"image\/png\" \/>\n<meta name=\"author\" content=\"Thomas Van der Poorten\" \/>\n<meta name=\"twitter:card\" content=\"summary_large_image\" \/>\n<meta name=\"twitter:label1\" content=\"\u00c9crit par\" \/>\n\t<meta name=\"twitter:data1\" content=\"Thomas Van der Poorten\" \/>\n\t<meta name=\"twitter:label2\" content=\"Dur\u00e9e de lecture estim\u00e9e\" \/>\n\t<meta name=\"twitter:data2\" content=\"1 minute\" \/>\n<script type=\"application\/ld+json\" class=\"yoast-schema-graph\">{\"@context\":\"https:\\\/\\\/schema.org\",\"@graph\":[{\"@type\":\"Article\",\"@id\":\"https:\\\/\\\/bfap-sbpa.org\\\/fr\\\/2026\\\/02\\\/10\\\/le-burn-out-silencieux-des-psychiatres-pourquoi-plus-dun-medecin-sur-trois-envisage-de-reduire-ses-activites\\\/#article\",\"isPartOf\":{\"@id\":\"https:\\\/\\\/bfap-sbpa.org\\\/fr\\\/2026\\\/02\\\/10\\\/le-burn-out-silencieux-des-psychiatres-pourquoi-plus-dun-medecin-sur-trois-envisage-de-reduire-ses-activites\\\/\"},\"author\":{\"name\":\"Thomas Van der Poorten\",\"@id\":\"https:\\\/\\\/bfap-sbpa.org\\\/fr\\\/#\\\/schema\\\/person\\\/5fdb22f6537ccbac36e101f2ba3cff48\"},\"headline\":\"Le burn-out silencieux des psychiatres : pourquoi plus d&rsquo;un m\u00e9decin sur trois envisage de r\u00e9duire ses activit\u00e9s\",\"datePublished\":\"2026-02-10T13:56:29+00:00\",\"dateModified\":\"2026-02-10T14:53:55+00:00\",\"mainEntityOfPage\":{\"@id\":\"https:\\\/\\\/bfap-sbpa.org\\\/fr\\\/2026\\\/02\\\/10\\\/le-burn-out-silencieux-des-psychiatres-pourquoi-plus-dun-medecin-sur-trois-envisage-de-reduire-ses-activites\\\/\"},\"wordCount\":227,\"commentCount\":0,\"publisher\":{\"@id\":\"https:\\\/\\\/bfap-sbpa.org\\\/fr\\\/#organization\"},\"image\":{\"@id\":\"https:\\\/\\\/bfap-sbpa.org\\\/fr\\\/2026\\\/02\\\/10\\\/le-burn-out-silencieux-des-psychiatres-pourquoi-plus-dun-medecin-sur-trois-envisage-de-reduire-ses-activites\\\/#primaryimage\"},\"thumbnailUrl\":\"https:\\\/\\\/i0.wp.com\\\/bfap-sbpa.org\\\/wp-content\\\/uploads\\\/2026\\\/02\\\/Schermafbeelding-2026-02-09-131405.png?fit=252%2C247&ssl=1\",\"articleSection\":[\"Non cat\u00e9goris\u00e9\"],\"inLanguage\":\"fr-FR\",\"potentialAction\":[{\"@type\":\"CommentAction\",\"name\":\"Comment\",\"target\":[\"https:\\\/\\\/bfap-sbpa.org\\\/fr\\\/2026\\\/02\\\/10\\\/le-burn-out-silencieux-des-psychiatres-pourquoi-plus-dun-medecin-sur-trois-envisage-de-reduire-ses-activites\\\/#respond\"]}]},{\"@type\":\"WebPage\",\"@id\":\"https:\\\/\\\/bfap-sbpa.org\\\/fr\\\/2026\\\/02\\\/10\\\/le-burn-out-silencieux-des-psychiatres-pourquoi-plus-dun-medecin-sur-trois-envisage-de-reduire-ses-activites\\\/\",\"url\":\"https:\\\/\\\/bfap-sbpa.org\\\/fr\\\/2026\\\/02\\\/10\\\/le-burn-out-silencieux-des-psychiatres-pourquoi-plus-dun-medecin-sur-trois-envisage-de-reduire-ses-activites\\\/\",\"name\":\"Le burn-out silencieux des psychiatres : pourquoi plus d'un m\u00e9decin sur trois envisage de r\u00e9duire ses activit\u00e9s | F\u00e9d\u00e9ration Belge pour la Psychiatrie Ambulatoire\",\"isPartOf\":{\"@id\":\"https:\\\/\\\/bfap-sbpa.org\\\/fr\\\/#website\"},\"primaryImageOfPage\":{\"@id\":\"https:\\\/\\\/bfap-sbpa.org\\\/fr\\\/2026\\\/02\\\/10\\\/le-burn-out-silencieux-des-psychiatres-pourquoi-plus-dun-medecin-sur-trois-envisage-de-reduire-ses-activites\\\/#primaryimage\"},\"image\":{\"@id\":\"https:\\\/\\\/bfap-sbpa.org\\\/fr\\\/2026\\\/02\\\/10\\\/le-burn-out-silencieux-des-psychiatres-pourquoi-plus-dun-medecin-sur-trois-envisage-de-reduire-ses-activites\\\/#primaryimage\"},\"thumbnailUrl\":\"https:\\\/\\\/i0.wp.com\\\/bfap-sbpa.org\\\/wp-content\\\/uploads\\\/2026\\\/02\\\/Schermafbeelding-2026-02-09-131405.png?fit=252%2C247&ssl=1\",\"datePublished\":\"2026-02-10T13:56:29+00:00\",\"dateModified\":\"2026-02-10T14:53:55+00:00\",\"description\":\"Belgische Federatie voor Ambulante Psychiatrie (BFAP): vertegenwoordigt CGG\\\/SSM en solo- en groepspraktijken, en versterkt community-based, evidence-based ambulante psychiatrie in Belgi\u00eb.\",\"breadcrumb\":{\"@id\":\"https:\\\/\\\/bfap-sbpa.org\\\/fr\\\/2026\\\/02\\\/10\\\/le-burn-out-silencieux-des-psychiatres-pourquoi-plus-dun-medecin-sur-trois-envisage-de-reduire-ses-activites\\\/#breadcrumb\"},\"inLanguage\":\"fr-FR\",\"potentialAction\":[{\"@type\":\"ReadAction\",\"target\":[\"https:\\\/\\\/bfap-sbpa.org\\\/fr\\\/2026\\\/02\\\/10\\\/le-burn-out-silencieux-des-psychiatres-pourquoi-plus-dun-medecin-sur-trois-envisage-de-reduire-ses-activites\\\/\"]}]},{\"@type\":\"ImageObject\",\"inLanguage\":\"fr-FR\",\"@id\":\"https:\\\/\\\/bfap-sbpa.org\\\/fr\\\/2026\\\/02\\\/10\\\/le-burn-out-silencieux-des-psychiatres-pourquoi-plus-dun-medecin-sur-trois-envisage-de-reduire-ses-activites\\\/#primaryimage\",\"url\":\"https:\\\/\\\/i0.wp.com\\\/bfap-sbpa.org\\\/wp-content\\\/uploads\\\/2026\\\/02\\\/Schermafbeelding-2026-02-09-131405.png?fit=252%2C247&ssl=1\",\"contentUrl\":\"https:\\\/\\\/i0.wp.com\\\/bfap-sbpa.org\\\/wp-content\\\/uploads\\\/2026\\\/02\\\/Schermafbeelding-2026-02-09-131405.png?fit=252%2C247&ssl=1\",\"width\":252,\"height\":247},{\"@type\":\"BreadcrumbList\",\"@id\":\"https:\\\/\\\/bfap-sbpa.org\\\/fr\\\/2026\\\/02\\\/10\\\/le-burn-out-silencieux-des-psychiatres-pourquoi-plus-dun-medecin-sur-trois-envisage-de-reduire-ses-activites\\\/#breadcrumb\",\"itemListElement\":[{\"@type\":\"ListItem\",\"position\":1,\"name\":\"Home\",\"item\":\"https:\\\/\\\/bfap-sbpa.org\\\/fr\\\/628-2\\\/\"},{\"@type\":\"ListItem\",\"position\":2,\"name\":\"Le burn-out silencieux des psychiatres : pourquoi plus d&rsquo;un m\u00e9decin sur trois envisage de r\u00e9duire ses activit\u00e9s\"}]},{\"@type\":\"WebSite\",\"@id\":\"https:\\\/\\\/bfap-sbpa.org\\\/fr\\\/#website\",\"url\":\"https:\\\/\\\/bfap-sbpa.org\\\/fr\\\/\",\"name\":\"Belgische Federatie voor Ambulante Psychiatrie\",\"description\":\"For community mental health in Belgium\",\"publisher\":{\"@id\":\"https:\\\/\\\/bfap-sbpa.org\\\/fr\\\/#organization\"},\"alternateName\":\"BFAP - FBPA\",\"potentialAction\":[{\"@type\":\"SearchAction\",\"target\":{\"@type\":\"EntryPoint\",\"urlTemplate\":\"https:\\\/\\\/bfap-sbpa.org\\\/fr\\\/?s={search_term_string}\"},\"query-input\":{\"@type\":\"PropertyValueSpecification\",\"valueRequired\":true,\"valueName\":\"search_term_string\"}}],\"inLanguage\":\"fr-FR\"},{\"@type\":\"Organization\",\"@id\":\"https:\\\/\\\/bfap-sbpa.org\\\/fr\\\/#organization\",\"name\":\"Belgische Federatie voor Ambulante Psychiatrie\",\"alternateName\":\"BFAP - FBPA\",\"url\":\"https:\\\/\\\/bfap-sbpa.org\\\/fr\\\/\",\"logo\":{\"@type\":\"ImageObject\",\"inLanguage\":\"fr-FR\",\"@id\":\"https:\\\/\\\/bfap-sbpa.org\\\/fr\\\/#\\\/schema\\\/logo\\\/image\\\/\",\"url\":\"https:\\\/\\\/i0.wp.com\\\/bfap-sbpa.org\\\/wp-content\\\/uploads\\\/2025\\\/12\\\/Logo-van-de-Belgische-Federatie-kopie.png?fit=434%2C393&ssl=1\",\"contentUrl\":\"https:\\\/\\\/i0.wp.com\\\/bfap-sbpa.org\\\/wp-content\\\/uploads\\\/2025\\\/12\\\/Logo-van-de-Belgische-Federatie-kopie.png?fit=434%2C393&ssl=1\",\"width\":434,\"height\":393,\"caption\":\"Belgische Federatie voor Ambulante Psychiatrie\"},\"image\":{\"@id\":\"https:\\\/\\\/bfap-sbpa.org\\\/fr\\\/#\\\/schema\\\/logo\\\/image\\\/\"}},{\"@type\":\"Person\",\"@id\":\"https:\\\/\\\/bfap-sbpa.org\\\/fr\\\/#\\\/schema\\\/person\\\/5fdb22f6537ccbac36e101f2ba3cff48\",\"name\":\"Thomas Van der Poorten\",\"image\":{\"@type\":\"ImageObject\",\"inLanguage\":\"fr-FR\",\"@id\":\"https:\\\/\\\/secure.gravatar.com\\\/avatar\\\/d9f93e268319b33544d59c3feb9fe9f15743c0bcb0c63d17829d27b89eb02985?s=96&d=identicon&r=g\",\"url\":\"https:\\\/\\\/secure.gravatar.com\\\/avatar\\\/d9f93e268319b33544d59c3feb9fe9f15743c0bcb0c63d17829d27b89eb02985?s=96&d=identicon&r=g\",\"contentUrl\":\"https:\\\/\\\/secure.gravatar.com\\\/avatar\\\/d9f93e268319b33544d59c3feb9fe9f15743c0bcb0c63d17829d27b89eb02985?s=96&d=identicon&r=g\",\"caption\":\"Thomas Van der Poorten\"},\"sameAs\":[\"http:\\\/\\\/mentalhealthbrussels.wordpress.com\"],\"url\":\"https:\\\/\\\/bfap-sbpa.org\\\/fr\\\/author\\\/thomas2607\\\/\"}]}<\/script>\n<!-- \/ Yoast SEO plugin. -->","yoast_head_json":{"title":"Le burn-out silencieux des psychiatres : pourquoi plus d'un m\u00e9decin sur trois envisage de r\u00e9duire ses activit\u00e9s | F\u00e9d\u00e9ration Belge pour la Psychiatrie Ambulatoire","description":"Belgische Federatie voor Ambulante Psychiatrie (BFAP): vertegenwoordigt CGG\/SSM en solo- en groepspraktijken, en versterkt community-based, evidence-based ambulante psychiatrie in Belgi\u00eb.","robots":{"index":"index","follow":"follow","max-snippet":"max-snippet:-1","max-image-preview":"max-image-preview:large","max-video-preview":"max-video-preview:-1"},"canonical":"https:\/\/bfap-sbpa.org\/fr\/2026\/02\/10\/le-burn-out-silencieux-des-psychiatres-pourquoi-plus-dun-medecin-sur-trois-envisage-de-reduire-ses-activites\/","og_locale":"fr_FR","og_type":"article","og_title":"Le burn-out silencieux des psychiatres : pourquoi plus d'un m\u00e9decin sur trois envisage de r\u00e9duire ses activit\u00e9s | F\u00e9d\u00e9ration Belge pour la Psychiatrie Ambulatoire","og_description":"Belgische Federatie voor Ambulante Psychiatrie (BFAP): vertegenwoordigt CGG\/SSM en solo- en groepspraktijken, en versterkt community-based, evidence-based ambulante psychiatrie in Belgi\u00eb.","og_url":"https:\/\/bfap-sbpa.org\/fr\/2026\/02\/10\/le-burn-out-silencieux-des-psychiatres-pourquoi-plus-dun-medecin-sur-trois-envisage-de-reduire-ses-activites\/","og_site_name":"F\u00e9d\u00e9ration Belge pour la Psychiatrie Ambulatoire","article_published_time":"2026-02-10T13:56:29+00:00","article_modified_time":"2026-02-10T14:53:55+00:00","og_image":[{"width":252,"height":247,"url":"https:\/\/i0.wp.com\/bfap-sbpa.org\/wp-content\/uploads\/2026\/02\/Schermafbeelding-2026-02-09-131405.png?fit=252%2C247&ssl=1","type":"image\/png"}],"author":"Thomas Van der Poorten","twitter_card":"summary_large_image","twitter_misc":{"\u00c9crit par":"Thomas Van der Poorten","Dur\u00e9e de lecture estim\u00e9e":"1 minute"},"schema":{"@context":"https:\/\/schema.org","@graph":[{"@type":"Article","@id":"https:\/\/bfap-sbpa.org\/fr\/2026\/02\/10\/le-burn-out-silencieux-des-psychiatres-pourquoi-plus-dun-medecin-sur-trois-envisage-de-reduire-ses-activites\/#article","isPartOf":{"@id":"https:\/\/bfap-sbpa.org\/fr\/2026\/02\/10\/le-burn-out-silencieux-des-psychiatres-pourquoi-plus-dun-medecin-sur-trois-envisage-de-reduire-ses-activites\/"},"author":{"name":"Thomas Van der Poorten","@id":"https:\/\/bfap-sbpa.org\/fr\/#\/schema\/person\/5fdb22f6537ccbac36e101f2ba3cff48"},"headline":"Le burn-out silencieux des psychiatres : pourquoi plus d&rsquo;un m\u00e9decin sur trois envisage de r\u00e9duire ses activit\u00e9s","datePublished":"2026-02-10T13:56:29+00:00","dateModified":"2026-02-10T14:53:55+00:00","mainEntityOfPage":{"@id":"https:\/\/bfap-sbpa.org\/fr\/2026\/02\/10\/le-burn-out-silencieux-des-psychiatres-pourquoi-plus-dun-medecin-sur-trois-envisage-de-reduire-ses-activites\/"},"wordCount":227,"commentCount":0,"publisher":{"@id":"https:\/\/bfap-sbpa.org\/fr\/#organization"},"image":{"@id":"https:\/\/bfap-sbpa.org\/fr\/2026\/02\/10\/le-burn-out-silencieux-des-psychiatres-pourquoi-plus-dun-medecin-sur-trois-envisage-de-reduire-ses-activites\/#primaryimage"},"thumbnailUrl":"https:\/\/i0.wp.com\/bfap-sbpa.org\/wp-content\/uploads\/2026\/02\/Schermafbeelding-2026-02-09-131405.png?fit=252%2C247&ssl=1","articleSection":["Non cat\u00e9goris\u00e9"],"inLanguage":"fr-FR","potentialAction":[{"@type":"CommentAction","name":"Comment","target":["https:\/\/bfap-sbpa.org\/fr\/2026\/02\/10\/le-burn-out-silencieux-des-psychiatres-pourquoi-plus-dun-medecin-sur-trois-envisage-de-reduire-ses-activites\/#respond"]}]},{"@type":"WebPage","@id":"https:\/\/bfap-sbpa.org\/fr\/2026\/02\/10\/le-burn-out-silencieux-des-psychiatres-pourquoi-plus-dun-medecin-sur-trois-envisage-de-reduire-ses-activites\/","url":"https:\/\/bfap-sbpa.org\/fr\/2026\/02\/10\/le-burn-out-silencieux-des-psychiatres-pourquoi-plus-dun-medecin-sur-trois-envisage-de-reduire-ses-activites\/","name":"Le burn-out silencieux des psychiatres : pourquoi plus d'un m\u00e9decin sur trois envisage de r\u00e9duire ses activit\u00e9s | F\u00e9d\u00e9ration Belge pour la Psychiatrie Ambulatoire","isPartOf":{"@id":"https:\/\/bfap-sbpa.org\/fr\/#website"},"primaryImageOfPage":{"@id":"https:\/\/bfap-sbpa.org\/fr\/2026\/02\/10\/le-burn-out-silencieux-des-psychiatres-pourquoi-plus-dun-medecin-sur-trois-envisage-de-reduire-ses-activites\/#primaryimage"},"image":{"@id":"https:\/\/bfap-sbpa.org\/fr\/2026\/02\/10\/le-burn-out-silencieux-des-psychiatres-pourquoi-plus-dun-medecin-sur-trois-envisage-de-reduire-ses-activites\/#primaryimage"},"thumbnailUrl":"https:\/\/i0.wp.com\/bfap-sbpa.org\/wp-content\/uploads\/2026\/02\/Schermafbeelding-2026-02-09-131405.png?fit=252%2C247&ssl=1","datePublished":"2026-02-10T13:56:29+00:00","dateModified":"2026-02-10T14:53:55+00:00","description":"Belgische Federatie voor Ambulante Psychiatrie (BFAP): vertegenwoordigt CGG\/SSM en solo- en groepspraktijken, en versterkt community-based, evidence-based ambulante psychiatrie in Belgi\u00eb.","breadcrumb":{"@id":"https:\/\/bfap-sbpa.org\/fr\/2026\/02\/10\/le-burn-out-silencieux-des-psychiatres-pourquoi-plus-dun-medecin-sur-trois-envisage-de-reduire-ses-activites\/#breadcrumb"},"inLanguage":"fr-FR","potentialAction":[{"@type":"ReadAction","target":["https:\/\/bfap-sbpa.org\/fr\/2026\/02\/10\/le-burn-out-silencieux-des-psychiatres-pourquoi-plus-dun-medecin-sur-trois-envisage-de-reduire-ses-activites\/"]}]},{"@type":"ImageObject","inLanguage":"fr-FR","@id":"https:\/\/bfap-sbpa.org\/fr\/2026\/02\/10\/le-burn-out-silencieux-des-psychiatres-pourquoi-plus-dun-medecin-sur-trois-envisage-de-reduire-ses-activites\/#primaryimage","url":"https:\/\/i0.wp.com\/bfap-sbpa.org\/wp-content\/uploads\/2026\/02\/Schermafbeelding-2026-02-09-131405.png?fit=252%2C247&ssl=1","contentUrl":"https:\/\/i0.wp.com\/bfap-sbpa.org\/wp-content\/uploads\/2026\/02\/Schermafbeelding-2026-02-09-131405.png?fit=252%2C247&ssl=1","width":252,"height":247},{"@type":"BreadcrumbList","@id":"https:\/\/bfap-sbpa.org\/fr\/2026\/02\/10\/le-burn-out-silencieux-des-psychiatres-pourquoi-plus-dun-medecin-sur-trois-envisage-de-reduire-ses-activites\/#breadcrumb","itemListElement":[{"@type":"ListItem","position":1,"name":"Home","item":"https:\/\/bfap-sbpa.org\/fr\/628-2\/"},{"@type":"ListItem","position":2,"name":"Le burn-out silencieux des psychiatres : pourquoi plus d&rsquo;un m\u00e9decin sur trois envisage de r\u00e9duire ses activit\u00e9s"}]},{"@type":"WebSite","@id":"https:\/\/bfap-sbpa.org\/fr\/#website","url":"https:\/\/bfap-sbpa.org\/fr\/","name":"Belgische Federatie voor Ambulante Psychiatrie","description":"For community mental health in Belgium","publisher":{"@id":"https:\/\/bfap-sbpa.org\/fr\/#organization"},"alternateName":"BFAP - FBPA","potentialAction":[{"@type":"SearchAction","target":{"@type":"EntryPoint","urlTemplate":"https:\/\/bfap-sbpa.org\/fr\/?s={search_term_string}"},"query-input":{"@type":"PropertyValueSpecification","valueRequired":true,"valueName":"search_term_string"}}],"inLanguage":"fr-FR"},{"@type":"Organization","@id":"https:\/\/bfap-sbpa.org\/fr\/#organization","name":"Belgische Federatie voor Ambulante Psychiatrie","alternateName":"BFAP - FBPA","url":"https:\/\/bfap-sbpa.org\/fr\/","logo":{"@type":"ImageObject","inLanguage":"fr-FR","@id":"https:\/\/bfap-sbpa.org\/fr\/#\/schema\/logo\/image\/","url":"https:\/\/i0.wp.com\/bfap-sbpa.org\/wp-content\/uploads\/2025\/12\/Logo-van-de-Belgische-Federatie-kopie.png?fit=434%2C393&ssl=1","contentUrl":"https:\/\/i0.wp.com\/bfap-sbpa.org\/wp-content\/uploads\/2025\/12\/Logo-van-de-Belgische-Federatie-kopie.png?fit=434%2C393&ssl=1","width":434,"height":393,"caption":"Belgische Federatie voor Ambulante Psychiatrie"},"image":{"@id":"https:\/\/bfap-sbpa.org\/fr\/#\/schema\/logo\/image\/"}},{"@type":"Person","@id":"https:\/\/bfap-sbpa.org\/fr\/#\/schema\/person\/5fdb22f6537ccbac36e101f2ba3cff48","name":"Thomas Van der Poorten","image":{"@type":"ImageObject","inLanguage":"fr-FR","@id":"https:\/\/secure.gravatar.com\/avatar\/d9f93e268319b33544d59c3feb9fe9f15743c0bcb0c63d17829d27b89eb02985?s=96&d=identicon&r=g","url":"https:\/\/secure.gravatar.com\/avatar\/d9f93e268319b33544d59c3feb9fe9f15743c0bcb0c63d17829d27b89eb02985?s=96&d=identicon&r=g","contentUrl":"https:\/\/secure.gravatar.com\/avatar\/d9f93e268319b33544d59c3feb9fe9f15743c0bcb0c63d17829d27b89eb02985?s=96&d=identicon&r=g","caption":"Thomas Van der Poorten"},"sameAs":["http:\/\/mentalhealthbrussels.wordpress.com"],"url":"https:\/\/bfap-sbpa.org\/fr\/author\/thomas2607\/"}]}},"jetpack_publicize_connections":[],"jetpack_featured_media_url":"https:\/\/i0.wp.com\/bfap-sbpa.org\/wp-content\/uploads\/2026\/02\/Schermafbeelding-2026-02-09-131405.png?fit=252%2C247&ssl=1","jetpack_likes_enabled":true,"jetpack_sharing_enabled":true,"jetpack_shortlink":"https:\/\/wp.me\/ph0gwp-aH","jetpack-related-posts":[{"id":477,"url":"https:\/\/bfap-sbpa.org\/fr\/2026\/01\/24\/listes-dattente-considerables-chez-les-psychiatres-bruxellois-160-entretiens-dadmission-en-un-mois-et-demi\/","url_meta":{"origin":663,"position":0},"title":"Listes d&rsquo;attente consid\u00e9rables chez les psychiatres bruxellois : \u00ab 160 entretiens d&rsquo;admission en un mois et demi \u00bb","author":"BFAP - FBPA","date":"24 janvier 2026","format":false,"excerpt":"Le r\u00e9cent reportage de Bruzz sur les d\u00e9lais d'attente de plus d'un an chez les psychiatres bruxellois montre clairement aux d\u00e9cideurs o\u00f9 se situe la pression structurelle : la psychiatrie ambulatoire ne peut plus supporter la demande croissante de soins dans le cadre de l'organisation et du financement actuels. Les\u2026","rel":"","context":"Dans &quot;Non class\u00e9&quot;","block_context":{"text":"Non class\u00e9","link":"https:\/\/bfap-sbpa.org\/fr\/category\/non-classe\/"},"img":{"alt_text":"","src":"https:\/\/i0.wp.com\/bfap-sbpa.org\/wp-content\/uploads\/2026\/02\/channels4_profile.jpg?fit=900%2C900&ssl=1&resize=350%2C200","width":350,"height":200,"srcset":"https:\/\/i0.wp.com\/bfap-sbpa.org\/wp-content\/uploads\/2026\/02\/channels4_profile.jpg?fit=900%2C900&ssl=1&resize=350%2C200 1x, https:\/\/i0.wp.com\/bfap-sbpa.org\/wp-content\/uploads\/2026\/02\/channels4_profile.jpg?fit=900%2C900&ssl=1&resize=525%2C300 1.5x, https:\/\/i0.wp.com\/bfap-sbpa.org\/wp-content\/uploads\/2026\/02\/channels4_profile.jpg?fit=900%2C900&ssl=1&resize=700%2C400 2x"},"classes":[]},{"id":593,"url":"https:\/\/bfap-sbpa.org\/fr\/2026\/02\/01\/95-des-psychiatres-nont-pas-de-rendez-vous-disponible-a-court-terme\/","url_meta":{"origin":663,"position":1},"title":"95 % des psychiatres n&rsquo;ont pas de rendez-vous disponible \u00e0 court terme","author":"Thomas Van der Poorten","date":"1 f\u00e9vrier 2026","format":false,"excerpt":"Pour les patients, les r\u00e9formes actuelles signifient principalement des soins moins accessibles et plus lents : 95 % des psychiatres n'ont pas de rendez-vous disponible \u00e0 court terme, pr\u00e8s de 60 % n'acceptent plus de nouveaux patients et chez les psychiatres n\u00e9erlandophones, la disponibilit\u00e9 rapide a chut\u00e9 \u00e0 5,4 %\u2026","rel":"","context":"Dans &quot;Non class\u00e9&quot;","block_context":{"text":"Non class\u00e9","link":"https:\/\/bfap-sbpa.org\/fr\/category\/non-classe\/"},"img":{"alt_text":"","src":"https:\/\/i0.wp.com\/bfap-sbpa.org\/wp-content\/uploads\/2026\/02\/Schermafbeelding-2026-02-01-232531.png?fit=432%2C418&ssl=1&resize=350%2C200","width":350,"height":200},"classes":[]},{"id":711,"url":"https:\/\/bfap-sbpa.org\/fr\/2026\/02\/15\/lenquete-de-la-fbpa-figure-a-lordre-du-jour-parlementaire\/","url_meta":{"origin":663,"position":2},"title":"L\u2019enqu\u00eate de la FBPA figure \u00e0 l\u2019ordre du jour parlementaire","author":"Thomas Van der Poorten","date":"15 f\u00e9vrier 2026","format":false,"excerpt":"La psychiatrie ambulatoire explicitement \u00e0 l\u2019ordre du jour parlementaire Dans une question parlementaire r\u00e9cente, le d\u00e9put\u00e9 Jean-Fran\u00e7ois Gatelier a explicitement fait r\u00e9f\u00e9rence \u00e0 l\u2019enqu\u00eate de la F\u00e9d\u00e9ration Belge pour la Psychiatrie Ambulatoire (FBPA) concernant les d\u00e9lais d\u2019attente et l\u2019accessibilit\u00e9 en psychiatrie. Dans sa r\u00e9ponse, le ministre Frank Vandenbroucke a confirm\u00e9\u2026","rel":"","context":"Dans &quot;Non cat\u00e9goris\u00e9&quot;","block_context":{"text":"Non cat\u00e9goris\u00e9","link":"https:\/\/bfap-sbpa.org\/fr\/category\/non-categorise\/"},"img":{"alt_text":"","src":"https:\/\/i0.wp.com\/bfap-sbpa.org\/wp-content\/uploads\/2026\/02\/Netwerken-GGZ-Belgische-Federatie-voor-Ambulante-Psychiatrie-BFAP-Reseaux-de-Sante-Mentale-Federation-Belge-pour-la-Psychiatrie-Ambulatoire.png?fit=1200%2C936&ssl=1&resize=350%2C200","width":350,"height":200,"srcset":"https:\/\/i0.wp.com\/bfap-sbpa.org\/wp-content\/uploads\/2026\/02\/Netwerken-GGZ-Belgische-Federatie-voor-Ambulante-Psychiatrie-BFAP-Reseaux-de-Sante-Mentale-Federation-Belge-pour-la-Psychiatrie-Ambulatoire.png?fit=1200%2C936&ssl=1&resize=350%2C200 1x, https:\/\/i0.wp.com\/bfap-sbpa.org\/wp-content\/uploads\/2026\/02\/Netwerken-GGZ-Belgische-Federatie-voor-Ambulante-Psychiatrie-BFAP-Reseaux-de-Sante-Mentale-Federation-Belge-pour-la-Psychiatrie-Ambulatoire.png?fit=1200%2C936&ssl=1&resize=525%2C300 1.5x, https:\/\/i0.wp.com\/bfap-sbpa.org\/wp-content\/uploads\/2026\/02\/Netwerken-GGZ-Belgische-Federatie-voor-Ambulante-Psychiatrie-BFAP-Reseaux-de-Sante-Mentale-Federation-Belge-pour-la-Psychiatrie-Ambulatoire.png?fit=1200%2C936&ssl=1&resize=700%2C400 2x, https:\/\/i0.wp.com\/bfap-sbpa.org\/wp-content\/uploads\/2026\/02\/Netwerken-GGZ-Belgische-Federatie-voor-Ambulante-Psychiatrie-BFAP-Reseaux-de-Sante-Mentale-Federation-Belge-pour-la-Psychiatrie-Ambulatoire.png?fit=1200%2C936&ssl=1&resize=1050%2C600 3x"},"classes":[]},{"id":919,"url":"https:\/\/bfap-sbpa.org\/fr\/2026\/03\/24\/reseaux-de-sante-mentale-et-la-deuxieme-ligne-manquante-note-de-position-de-la-fbpa\/","url_meta":{"origin":663,"position":3},"title":"R\u00e9seaux de sant\u00e9 mentale et la deuxi\u00e8me ligne manquante : note de position de la FBPA","author":"Thomas Van der Poorten","date":"24 mars 2026","format":false,"excerpt":"La d\u00e9sinstitutionalisation des soins en Belgique stagne La sant\u00e9 mentale belge a franchi des \u00e9tapes claires ces derni\u00e8res ann\u00e9es vers davantage de soins dans l\u2019environnement de vie des patients. Depuis l\u2019introduction des r\u00e9seaux de sant\u00e9 mentale en 2010, avec l\u2019article 107 comme levier pour la d\u00e9sinstitutionalisation des soins, l\u2019accent a\u2026","rel":"","context":"Dans &quot;Non cat\u00e9goris\u00e9&quot;","block_context":{"text":"Non cat\u00e9goris\u00e9","link":"https:\/\/bfap-sbpa.org\/fr\/category\/non-categorise\/"},"img":{"alt_text":"","src":"https:\/\/i0.wp.com\/bfap-sbpa.org\/wp-content\/uploads\/2025\/12\/Logo-van-de-Belgische-Federatie-kopie.png?fit=434%2C393&ssl=1&resize=350%2C200","width":350,"height":200},"classes":[]},{"id":809,"url":"https:\/\/bfap-sbpa.org\/fr\/2026\/02\/25\/pourquoi-fragiliser-la-psychiatrie-ambulatoire-peut-couter-cher-a-la-societe-interview\/","url_meta":{"origin":663,"position":4},"title":"Pourquoi fragiliser la psychiatrie ambulatoire peut co\u00fbter cher \u00e0 la soci\u00e9t\u00e9? (Interview)","author":"Thomas Van der Poorten","date":"25 f\u00e9vrier 2026","format":false,"excerpt":"BRUXELLES 24\/02 - Le secteur de la psychiatrie ambulatoire est sous tension face aux r\u00e9formes ACA. Face \u00e0 cette situation, une enqu\u00eate a \u00e9t\u00e9 r\u00e9alis\u00e9e aupr\u00e8s des psychiatres ambulatoires le mois pass\u00e9. Si leur n\u00e9cessit\u00e9 est reconnue, leurs modalit\u00e9s actuelles suscitent de vives inqui\u00e9tudes quant \u00e0 l\u2019accessibilit\u00e9 et \u00e0 l\u2019attractivit\u00e9\u2026","rel":"","context":"Dans &quot;Non class\u00e9&quot;","block_context":{"text":"Non class\u00e9","link":"https:\/\/bfap-sbpa.org\/fr\/category\/non-classe\/"},"img":{"alt_text":"","src":"https:\/\/i0.wp.com\/bfap-sbpa.org\/wp-content\/uploads\/2026\/02\/Mediquality-BFAP-FBPA-Ambulante-Psychiatrie.png?fit=912%2C618&ssl=1&resize=350%2C200","width":350,"height":200,"srcset":"https:\/\/i0.wp.com\/bfap-sbpa.org\/wp-content\/uploads\/2026\/02\/Mediquality-BFAP-FBPA-Ambulante-Psychiatrie.png?fit=912%2C618&ssl=1&resize=350%2C200 1x, https:\/\/i0.wp.com\/bfap-sbpa.org\/wp-content\/uploads\/2026\/02\/Mediquality-BFAP-FBPA-Ambulante-Psychiatrie.png?fit=912%2C618&ssl=1&resize=525%2C300 1.5x, https:\/\/i0.wp.com\/bfap-sbpa.org\/wp-content\/uploads\/2026\/02\/Mediquality-BFAP-FBPA-Ambulante-Psychiatrie.png?fit=912%2C618&ssl=1&resize=700%2C400 2x"},"classes":[]},{"id":747,"url":"https:\/\/bfap-sbpa.org\/fr\/2025\/05\/15\/bruxelles-face-a-une-saturation-des-consultations-psychiatriques\/","url_meta":{"origin":663,"position":5},"title":"Bruxelles face \u00e0 une saturation des consultations psychiatriques","author":"Thomas Van der Poorten","date":"15 mai 2025","format":false,"excerpt":"Un article publi\u00e9 par 7sur7 met en lumi\u00e8re une augmentation marqu\u00e9e des demandes de premiers rendez-vous en psychiatrie dans la R\u00e9gion de Bruxelles-Capitale. Plusieurs services hospitaliers indiquent ne plus pouvoir accepter de nouveaux patients, faute de capacit\u00e9 suffisante. Le CHU Brugmann, notamment, signale une pression importante sur ses consultations ambulatoires,\u2026","rel":"","context":"Dans &quot;Non cat\u00e9goris\u00e9&quot;","block_context":{"text":"Non cat\u00e9goris\u00e9","link":"https:\/\/bfap-sbpa.org\/fr\/category\/non-categorise\/"},"img":{"alt_text":"","src":"https:\/\/i0.wp.com\/bfap-sbpa.org\/wp-content\/uploads\/2026\/02\/Schermafbeelding-2026-02-15-142152.png?fit=425%2C422&ssl=1&resize=350%2C200","width":350,"height":200},"classes":[]}],"_links":{"self":[{"href":"https:\/\/bfap-sbpa.org\/fr\/wp-json\/wp\/v2\/posts\/663","targetHints":{"allow":["GET"]}}],"collection":[{"href":"https:\/\/bfap-sbpa.org\/fr\/wp-json\/wp\/v2\/posts"}],"about":[{"href":"https:\/\/bfap-sbpa.org\/fr\/wp-json\/wp\/v2\/types\/post"}],"author":[{"embeddable":true,"href":"https:\/\/bfap-sbpa.org\/fr\/wp-json\/wp\/v2\/users\/246655427"}],"replies":[{"embeddable":true,"href":"https:\/\/bfap-sbpa.org\/fr\/wp-json\/wp\/v2\/comments?post=663"}],"version-history":[{"count":1,"href":"https:\/\/bfap-sbpa.org\/fr\/wp-json\/wp\/v2\/posts\/663\/revisions"}],"predecessor-version":[{"id":664,"href":"https:\/\/bfap-sbpa.org\/fr\/wp-json\/wp\/v2\/posts\/663\/revisions\/664"}],"wp:featuredmedia":[{"embeddable":true,"href":"https:\/\/bfap-sbpa.org\/fr\/wp-json\/wp\/v2\/media\/662"}],"wp:attachment":[{"href":"https:\/\/bfap-sbpa.org\/fr\/wp-json\/wp\/v2\/media?parent=663"}],"wp:term":[{"taxonomy":"category","embeddable":true,"href":"https:\/\/bfap-sbpa.org\/fr\/wp-json\/wp\/v2\/categories?post=663"},{"taxonomy":"post_tag","embeddable":true,"href":"https:\/\/bfap-sbpa.org\/fr\/wp-json\/wp\/v2\/tags?post=663"}],"curies":[{"name":"wp","href":"https:\/\/api.w.org\/{rel}","templated":true}]}}